{"id":2686,"date":"2022-11-04T19:52:11","date_gmt":"2022-11-04T18:52:11","guid":{"rendered":"https:\/\/fius.de\/?p=2686"},"modified":"2022-11-04T19:52:12","modified_gmt":"2022-11-04T18:52:12","slug":"informatik-kontaktmesse-am-9-11","status":"publish","type":"post","link":"https:\/\/fius.de\/index.php\/2022\/11\/04\/informatik-kontaktmesse-am-9-11\/","title":{"rendered":"Informatik-Kontaktmesse am 9.11"},"content":{"rendered":"\n<p>Liebe Studierende,<\/p>\n\n\n\n<p>Die beliebte Informatik-Kontaktmesse findet dieses Jahr wieder als Pr\u00e4senzveranstaltung im Informatik-Geb\u00e4ude, Campus Stuttgart-Vaihingen, Universit\u00e4tsstr. 38 statt.<br>F\u00fcr Euch bietet sich damit die M\u00f6glichkeit, die Messest\u00e4nde der teilnehmenden Unternehmen zu besuchen und Kontakte zu kn\u00fcpfen.<br><\/p>\n\n\n\n<p><strong>Wann und Wo?&nbsp;&nbsp;&nbsp; &nbsp;&nbsp;&nbsp; &nbsp;&nbsp;&nbsp; 9. November 2022 im Informatikgeb\u00e4ude auf dem Campus Stuttgart-Vaihingen, Universit\u00e4tsstr. 38&nbsp;<br><\/strong><\/p>\n\n\n\n<p><strong>Uhrzeit: &nbsp;&nbsp;&nbsp; &nbsp;&nbsp;&nbsp; &nbsp;&nbsp;&nbsp; &nbsp;&nbsp;&nbsp; &nbsp;&nbsp;&nbsp; &nbsp;&nbsp;&nbsp; 10:30 Uhr&nbsp; bis 14:30 Uhr<br><\/strong><\/p>\n\n\n\n<p><strong>Wir freuen uns auf Eure Teilnahme. <\/strong><strong>Das Kontaktmesseteam<br>Informatik-Forum Stuttgart (infos)&nbsp;&nbsp;<\/strong><\/p>\n\n\n\n<pre class=\"wp-block-preformatted\"><\/pre>\n\n\n\n<figure class=\"wp-block-image size-full\"><img loading=\"lazy\" decoding=\"async\" width=\"1000\" height=\"1410\" src=\"https:\/\/fius.de\/wp-content\/uploads\/2022\/11\/grafik.png\" alt=\"\" class=\"wp-image-2687\" srcset=\"https:\/\/fius.de\/wp-content\/uploads\/2022\/11\/grafik.png 1000w, https:\/\/fius.de\/wp-content\/uploads\/2022\/11\/grafik-213x300.png 213w, https:\/\/fius.de\/wp-content\/uploads\/2022\/11\/grafik-768x1083.png 768w\" sizes=\"auto, (max-width: 1000px) 100vw, 1000px\" \/><\/figure>\n","protected":false},"excerpt":{"rendered":"<p>Liebe Studierende, Die beliebte Informatik-Kontaktmesse findet dieses Jahr wieder als Pr\u00e4senzveranstaltung im Informatik-Geb\u00e4ude, Campus Stuttgart-Vaihingen, Universit\u00e4tsstr. 38 statt.F\u00fcr Euch bietet sich damit die M\u00f6glichkeit, die Messest\u00e4nde der teilnehmenden Unternehmen zu besuchen und Kontakte zu kn\u00fcpfen. Wann und Wo?&nbsp;&nbsp;&nbsp; &nbsp;&nbsp;&nbsp; &nbsp;&nbsp;&nbsp; 9. November 2022 im Informatikgeb\u00e4ude auf dem Campus Stuttgart-Vaihingen, Universit\u00e4tsstr. 38&nbsp; Uhrzeit: &nbsp;&nbsp;&nbsp; &nbsp;&nbsp;&nbsp; &nbsp;&nbsp;&nbsp; [&hellip;]<\/p>\n","protected":false},"author":14,"featured_media":0,"comment_status":"closed","ping_status":"open","sticky":false,"template":"","format":"standard","meta":{"footnotes":""},"categories":[1],"tags":[],"class_list":["post-2686","post","type-post","status-publish","format-standard","hentry","category-uncategorized","wpbf-post"],"_links":{"self":[{"href":"https:\/\/fius.de\/index.php\/wp-json\/wp\/v2\/posts\/2686","targetHints":{"allow":["GET"]}}],"collection":[{"href":"https:\/\/fius.de\/index.php\/wp-json\/wp\/v2\/posts"}],"about":[{"href":"https:\/\/fius.de\/index.php\/wp-json\/wp\/v2\/types\/post"}],"author":[{"embeddable":true,"href":"https:\/\/fius.de\/index.php\/wp-json\/wp\/v2\/users\/14"}],"replies":[{"embeddable":true,"href":"https:\/\/fius.de\/index.php\/wp-json\/wp\/v2\/comments?post=2686"}],"version-history":[{"count":1,"href":"https:\/\/fius.de\/index.php\/wp-json\/wp\/v2\/posts\/2686\/revisions"}],"predecessor-version":[{"id":2688,"href":"https:\/\/fius.de\/index.php\/wp-json\/wp\/v2\/posts\/2686\/revisions\/2688"}],"wp:attachment":[{"href":"https:\/\/fius.de\/index.php\/wp-json\/wp\/v2\/media?parent=2686"}],"wp:term":[{"taxonomy":"category","embeddable":true,"href":"https:\/\/fius.de\/index.php\/wp-json\/wp\/v2\/categories?post=2686"},{"taxonomy":"post_tag","embeddable":true,"href":"https:\/\/fius.de\/index.php\/wp-json\/wp\/v2\/tags?post=2686"}],"curies":[{"name":"wp","href":"https:\/\/api.w.org\/{rel}","templated":true}]}}